{"id":66,"date":"2022-04-25T16:15:07","date_gmt":"2022-04-25T14:15:07","guid":{"rendered":"https:\/\/brembana.info\/folklore\/wp\/?p=66"},"modified":"2022-04-25T16:15:07","modified_gmt":"2022-04-25T14:15:07","slug":"coro-fior-di-monte-di-zogno","status":"publish","type":"post","link":"https:\/\/brembana.info\/folklore\/coro-fior-di-monte-di-zogno\/","title":{"rendered":"Coro Fior di Monte di Zogno"},"content":{"rendered":"<p class=\"indent-bot\"><strong>Telefono: 3470328739 &#8211; E-Mail ferrarigianmarco1@virgilio.it<\/strong><\/p>\n<p>Organico:<br \/>\nTenori primi: Bonaldi Santino, Capelli Felice, Ferrari Marco, Ferrari Luigi, Foppolo Gianluigi, Freri Andreino, Gamba Francesco, Lazzaroni Giovanni, Locatelli Germano, Milesi Luigi, Quarti Giuseppe, Sonzogni Gianmarco. Tenori secondi: Bonzi Giancarlo, Capelli Valeriano, Carminati Gianmario, Carminati Marino, Chiesa Roberto, Gritti Piero, Rubis Mario, Sonzogni Giuseppe, Traini Tiziano. Baritoni: Aramini Carlo, Carminati Onorato, Cavagna Egidio, Ferrari Gianmario, Ferrari Mauro, Minelli Mario, Pesenti Giancarlo, Oberti Aldo. Bassi: Carminati Giuseppe, Gherardi Renato, Minelli Carlo, Rondelli Fausto, Rota Claudio, Rota Mario, Sonzogni Mario, Tarchini Ettore, Zanardi Matteo.<\/p>\n<p><img decoding=\"async\" src=\"https:\/\/brembana.info\/folklore\/fiordimonte\/fiordimonte.jpg\" alt=\"Coro Fior di Monte di Zogno\" \/><\/p>\n<p>Presentazione:<br \/>\nL\u2019origine del coro Fior di Monte ha le sue radici nei canti di montagna che riempivano le serate nei rifugi alpini. Durante l\u2019inverno 1948\/49, questa passione per il canto, fu coltivata da un gruppetto di amici che si ritrovavano davanti al focolare di un locale di Zogno. Nel medesimo anno avvennero le prime esecuzioni e, grazie all\u2019aiuto della professoressa Anna Maria Gamba, il coro Fior di Monte, entr\u00f2 a far parte della grande famiglia dei cori alpini. Il coro, nato a Zogno ed ora patrimonio della Valle Brembana, fu guidato per molti anni dal maestro Antonio Micheli con il quale si classific\u00f2, nel 1953, al secondo posto nel concorso nazionale dei Cori delle Alpi. Nei primi anni sessanta fu il professor Claudio Brissoni a dirigere il coro per tornare successivamente al maestro Micheli che guid\u00f2 i coristi fino al 1993. Di seguito, alla testa del coro, per alcuni anni ci fu Carlo Minelli ed attualmente \u00e8 diretto dal maestro Franco Ambrosioni. Il Fior di Monte, nel corso della sua attivit\u00e0, ha riscosso consensi, non solo in Italia, ma anche in diverse tournee europee e nel 1989 ha presentato una pubblicazione in cui ripercorre i suoi quarant\u2019 anni di intensa attivit\u00e0 artistica, musicale e canora. Il coro, che si appresta ha festeggiare 60 anni di vita, continua la sua attivit\u00e0 cercando di valorizzare al meglio l\u2019apertura oltre il proprio confine, la propria terra con il rispetto e la condivisione. L\u2019 intento \u00e8 quello di instaurare nuove amicizie e conoscenze nello stupendo e nutrito scenario del cantare insieme. Il coro Fior di Monte di Zogno (Valle Brembana) vuole essere un grande richiamo alla montagna con i nostri tipici canti cosi&#8217; capaci di sprigionarsi con le loro note alla maniera di uno spettacolo pirotecnico tempestando di variopinti colori a pioggia il cielo meraviglioso di questa nostra Valle Brembana.<\/p>\n<p><img decoding=\"async\" src=\"https:\/\/brembana.info\/folklore\/fiordimonte\/fiordimonte1.jpg\" alt=\"Coro Fior di Monte di Zogno\" \/><\/p>\n<p>Gia&#8217; nel lontano 1949 si cantava. Che cosa ? Un po&#8217; di tutto. Nell&#8217;entusiasmo delle settimanali escursioni in montagna, raggiunta con esaltante gioia la vetta, uno solo era il desiderio: cantare. Le voci erano intonate, uno segnava il tempo ed intonava i motivi; era un modo come un altro per dare sfogo alla propria esuberanza. C&#8217;erano gli esempi di altri cori piu&#8217; famosi, di cui si sentiva l&#8217;influsso, ma quando il coro di Zogno crebbe, volle assumere una propria fisionomia. I componenti del Coro di Zogno in Valle Brembana, tutti dilettanti, sottraggono ore allo svago, per presenziare responsabilmente, senza il minimo compenso, alle prove settimanali. Le voci sono &#8220;naturali&#8221; in quanto ad emissione, ma nello stesso tempo calde e sicure. Ascoltando il disco, si avra&#8217; sicuramente modo di apprezzare la freschezza e la briosit\u00e0 doti che il gruppo ha armoniosamente maturato, unitamente ad un fraseggio appropriatamente intonato. I punti di maggiore emozione li troviamo senz&#8217;altro nella &#8220;Ninna nanna russa&#8221; un nitore, una precisione di tempi, una dolcezza ed un omogeneit\u00e0, che spaziano con eleganza e sensibilit\u00e0. In &#8220;Do&#8217; ndet o Marietina&#8221; e in &#8220;Me compare Giacometo&#8221;, dove viene evidenziato il cantare sul fiato e la spontaneit\u00e0 della dizione chiara e limpida, senza essere accentuata. Nella &#8220;Villanella&#8221;, dove il coro ha tirato fuori i numeri del suo virtuosismo. I &#8220;Muntagn\u00ec muntagn\u00ec&#8221; e in &#8220;Signore delle Cime&#8221;, motivi dalle sonorit\u00e0 organistiche; in &#8220;Era nato poveretto&#8221; con accordi strappati come di chitarra, con anticipi, ritardi, giochi di bravura musicale, invece, vengono eseguiti dal Coro Fior di Monte di Zogno nella loro linea piu&#8217; dura, con assoluta fedelt\u00e0 al testo.<\/p>\n<p>Qualche canzone dal repertorio del Coro Fior di Monte di Zogno in MP3<\/p>\n<p><center><\/p>\n<table border=\"0\" width=\"450\" cellspacing=\"0\">\n<tbody>\n<tr>\n<td width=\"8\"><\/td>\n<td height=\"30\"><\/td>\n<\/tr>\n<tr>\n<td><a href=\"http:\/\/www.valbrembanaweb.it\/corofiordimonte\/Autunno.mp3\" target=\"prova\" rel=\"noopener\"><img decoding=\"async\" src=\"https:\/\/brembana.info\/folklore\/fiordimonte\/tasto.gif\" \/><\/a><\/td>\n<td><strong><a href=\"http:\/\/www.valbrembanaweb.it\/corofiordimonte\/Autunno.mp3\" target=\"prova\" rel=\"noopener\">Autunno (P.C.Gatti)<\/a><\/strong><\/td>\n<\/tr>\n<tr>\n<td height=\"3\"><\/td>\n<td><\/td>\n<\/tr>\n<tr>\n<td><a href=\"http:\/\/www.valbrembanaweb.it\/corofiordimonte\/Ili-Ile-Ilo.mp3\" target=\"prova\" rel=\"noopener\"><img decoding=\"async\" src=\"https:\/\/brembana.info\/folklore\/fiordimonte\/tasto.gif\" \/><\/a><\/td>\n<td><strong><a href=\"http:\/\/www.valbrembanaweb.it\/corofiordimonte\/Ili-Ile-Ilo.mp3\" target=\"prova\" rel=\"noopener\">Ili Ile Ilo (B.De Marzi)<\/a><\/strong><\/td>\n<\/tr>\n<tr>\n<td height=\"3\"><\/td>\n<td><\/td>\n<\/tr>\n<tr>\n<td><a href=\"http:\/\/www.valbrembanaweb.it\/corofiordimonte\/La-Montanara.mp3\" target=\"prova\" rel=\"noopener\"><img decoding=\"async\" src=\"https:\/\/brembana.info\/folklore\/fiordimonte\/tasto.gif\" \/><\/a><\/td>\n<td><strong><a href=\"http:\/\/www.valbrembanaweb.it\/corofiordimonte\/La-Montanara.mp3\" target=\"prova\" rel=\"noopener\">La Montanara (T.Ortelli-L.Pigarelli)<\/a><\/strong><\/td>\n<\/tr>\n<tr>\n<td height=\"3\"><\/td>\n<td><\/td>\n<\/tr>\n<tr>\n<td><a href=\"http:\/\/www.valbrembanaweb.it\/corofiordimonte\/La-Valle.mp3\" target=\"prova\" rel=\"noopener\"><img decoding=\"async\" src=\"https:\/\/brembana.info\/folklore\/fiordimonte\/tasto.gif\" \/><\/a><\/td>\n<td><strong><a href=\"http:\/\/www.valbrembanaweb.it\/corofiordimonte\/La-Valle.mp3\" target=\"prova\" rel=\"noopener\">La Valle (A Lo Vecchio-W.Orsati-J.Revaux-F.Ambrosioni)<\/a><\/strong><\/td>\n<\/tr>\n<tr>\n<td height=\"3\"><\/td>\n<td><\/td>\n<\/tr>\n<tr>\n<td><a href=\"http:\/\/www.valbrembanaweb.it\/corofiordimonte\/Scapa.mp3\" target=\"prova\" rel=\"noopener\"><img decoding=\"async\" src=\"https:\/\/brembana.info\/folklore\/fiordimonte\/tasto.gif\" \/><\/a><\/td>\n<td><strong><a href=\"http:\/\/www.valbrembanaweb.it\/corofiordimonte\/Scapa.mp3\" target=\"prova\" rel=\"noopener\">Scapa Oseleto (B.De Marzi)<\/a><\/strong><\/td>\n<\/tr>\n<\/tbody>\n<\/table>\n<p><\/center><\/p>\n","protected":false},"excerpt":{"rendered":"<p>l\u2019origine del coro ha le sue radici nei canti di montagna<\/p>\n","protected":false},"author":1,"featured_media":67,"comment_status":"closed","ping_status":"closed","sticky":false,"template":"","format":"standard","meta":{"footnotes":""},"categories":[1],"tags":[],"class_list":["post-66","post","type-post","status-publish","format-standard","has-post-thumbnail","hentry","category-senza-categoria"],"_links":{"self":[{"href":"https:\/\/brembana.info\/folklore\/wp-json\/wp\/v2\/posts\/66","targetHints":{"allow":["GET"]}}],"collection":[{"href":"https:\/\/brembana.info\/folklore\/wp-json\/wp\/v2\/posts"}],"about":[{"href":"https:\/\/brembana.info\/folklore\/wp-json\/wp\/v2\/types\/post"}],"author":[{"embeddable":true,"href":"https:\/\/brembana.info\/folklore\/wp-json\/wp\/v2\/users\/1"}],"replies":[{"embeddable":true,"href":"https:\/\/brembana.info\/folklore\/wp-json\/wp\/v2\/comments?post=66"}],"version-history":[{"count":1,"href":"https:\/\/brembana.info\/folklore\/wp-json\/wp\/v2\/posts\/66\/revisions"}],"predecessor-version":[{"id":68,"href":"https:\/\/brembana.info\/folklore\/wp-json\/wp\/v2\/posts\/66\/revisions\/68"}],"wp:featuredmedia":[{"embeddable":true,"href":"https:\/\/brembana.info\/folklore\/wp-json\/wp\/v2\/media\/67"}],"wp:attachment":[{"href":"https:\/\/brembana.info\/folklore\/wp-json\/wp\/v2\/media?parent=66"}],"wp:term":[{"taxonomy":"category","embeddable":true,"href":"https:\/\/brembana.info\/folklore\/wp-json\/wp\/v2\/categories?post=66"},{"taxonomy":"post_tag","embeddable":true,"href":"https:\/\/brembana.info\/folklore\/wp-json\/wp\/v2\/tags?post=66"}],"curies":[{"name":"wp","href":"https:\/\/api.w.org\/{rel}","templated":true}]}}