{"id":63,"date":"2022-04-25T16:12:16","date_gmt":"2022-04-25T14:12:16","guid":{"rendered":"https:\/\/brembana.info\/folklore\/wp\/?p=63"},"modified":"2022-04-25T16:12:16","modified_gmt":"2022-04-25T14:12:16","slug":"i-noter-de-berghem-di-san-pellegrino-terme","status":"publish","type":"post","link":"https:\/\/brembana.info\/folklore\/i-noter-de-berghem-di-san-pellegrino-terme\/","title":{"rendered":"I Noter de Berghem di San Pellegrino Terme"},"content":{"rendered":"<p class=\"indent-bot\"><strong>Per contatti: Domenico 347 3733288 &#8211; Michele 338 3036828 &#8211; Giorgio 339 6214094 &#8211; Adriano 328 0729409 &#8211; Maurizio 3402813820 &#8211; Luca 0345 92887 &#8211; E-mail oprandiadri@tiscalinet.it<\/strong><\/p>\n<p>Nasce a San Pellegrino Terme il gruppo folk cabaret &#8220;NOTER DE BERGHEM&#8221; un &#8220;ENSAMBLE&#8221; di simpatici elementi della Valle Brembana per proporre in modo allegro e divertente musica e canti popolari tipici della tradizione folkloristica bergamasca e canti popolari di altre regioni italiane&#8230;. Inoltre il gruppo ha riportato alla ribalta la romantica atmosfera della tipica &#8220;serenata sotto il balcone&#8221; in notturna, proponendosi con canti per soddisfare le richieste di tutti gli innamorati.<\/p>\n<p><img decoding=\"async\" src=\"https:\/\/brembana.info\/folklore\/noterdeberghem\/noter-de-berghem.jpg\" alt=\"I Noter de Berghem\" \/><\/p>\n<p>Ognuno degli appartenenti ha al proprio attivo esperienze diverse nel campo artistico, tra questi l&#8217;ideatore ADRIANO OPRANDI, cantautore, tastierista e chitarrista, fratello di TITO che fu&#8217; un grande menestrello della Valle Brembana e compianto leader di due grandi gruppi: i &#8220;ME&#8217; LU E E CHEL OTER&#8221; e &#8220;LE VOCI BREMBANE&#8221;.<\/p>\n<p>Oltre ad ADRIANO fanno parte del gruppo DOMENICO GRAZIOLI (voce e tamburelli)<br \/>\nMICHELE PESENTI (voce, tromba, armonica, piffero e tamburelli)<br \/>\nLUCA PESENTI (basso tuba, cornamusa bergamasca o bagh\u00e8t, clarinetto, pifferi)<br \/>\nGIORGIO ALAIN MUSSETTI (percussioni e cori)<br \/>\nMAURIZIO LEONARDI (fisarmonica e cori).<br \/>\nL&#8217;insieme vanta apprezzate apparizioni in pubblico nelle piazze, contrade, teatri feste private sia sul palco con proprio impianto audio, oppure itinerante in acustica.<\/p>\n<p><img decoding=\"async\" src=\"https:\/\/brembana.info\/folklore\/noterdeberghem\/noter-de-berghem1.jpg\" alt=\"I Noter de Berghem\" \/><\/p>\n<p><strong>Il gruppo ha realizzato due CD dal titolo: COME SARA&#8217; BU I CODEGHI&#8217;\u201d e \u201cPOLENTA RANE E\u2026 OSEL\u00cc\u201d<br \/>\nQualche canzone dal repertorio del gruppo in MP3<\/strong><\/p>\n<p><center><\/p>\n<table border=\"0\" width=\"55%\" cellspacing=\"0\">\n<tbody>\n<tr>\n<td width=\"8\"><\/td>\n<td height=\"30\"><\/td>\n<\/tr>\n<tr>\n<td><a href=\"http:\/\/www.valbrembanaweb.it\/noterdeberghem\/comeisarabuicodeghi.mp3\" target=\"prova\" rel=\"noopener\"><img decoding=\"async\" src=\"https:\/\/brembana.info\/folklore\/noterdeberghem\/tasto.gif\" \/><\/a><\/td>\n<td><strong><a href=\"http:\/\/www.valbrembanaweb.it\/noterdeberghem\/comeisarabuicodeghi.mp3\" target=\"prova\" rel=\"noopener\">Come i sar\u00e0 b\u00f9 i codegh\u00ec<\/a><\/strong><\/td>\n<\/tr>\n<tr>\n<td height=\"3\"><\/td>\n<td><\/td>\n<\/tr>\n<tr>\n<td><a href=\"http:\/\/www.valbrembanaweb.it\/noterdeberghem\/Ho-polenta.mp3\" target=\"prova\" rel=\"noopener\"><img decoding=\"async\" src=\"https:\/\/brembana.info\/folklore\/noterdeberghem\/tasto.gif\" \/><\/a><\/td>\n<td><strong><a href=\"http:\/\/www.valbrembanaweb.it\/noterdeberghem\/Ho-polenta.mp3\" target=\"prova\" rel=\"noopener\">O polenta<\/a><\/strong><\/td>\n<\/tr>\n<tr>\n<td height=\"3\"><\/td>\n<td><\/td>\n<\/tr>\n<tr>\n<td><a href=\"http:\/\/www.valbrembanaweb.it\/noterdeberghem\/lapotaegia.mp3\" target=\"prova\" rel=\"noopener\"><img decoding=\"async\" src=\"https:\/\/brembana.info\/folklore\/noterdeberghem\/tasto.gif\" \/><\/a><\/td>\n<td><strong><a href=\"http:\/\/www.valbrembanaweb.it\/noterdeberghem\/lapotaegia.mp3\" target=\"prova\" rel=\"noopener\">La P\u00f6ta\u00e8gia<\/a><\/strong><\/td>\n<\/tr>\n<tr>\n<td height=\"3\"><\/td>\n<td><\/td>\n<\/tr>\n<tr>\n<td><a href=\"http:\/\/www.valbrembanaweb.it\/noterdeberghem\/La-rana.mp3\" target=\"prova\" rel=\"noopener\"><img decoding=\"async\" src=\"https:\/\/brembana.info\/folklore\/noterdeberghem\/tasto.gif\" \/><\/a><\/td>\n<td><strong><a href=\"http:\/\/www.valbrembanaweb.it\/noterdeberghem\/La-rana.mp3\" target=\"prova\" rel=\"noopener\">La Rana<\/a><\/strong><\/td>\n<\/tr>\n<tr>\n<td height=\"3\"><\/td>\n<td><\/td>\n<\/tr>\n<tr>\n<td><a href=\"http:\/\/www.valbrembanaweb.it\/noterdeberghem\/Mutandine-ricamate.mp3\" target=\"prova\" rel=\"noopener\"><img decoding=\"async\" src=\"https:\/\/brembana.info\/folklore\/noterdeberghem\/tasto.gif\" \/><\/a><\/td>\n<td><strong><a href=\"http:\/\/www.valbrembanaweb.it\/noterdeberghem\/Mutandine-ricamate.mp3\" target=\"prova\" rel=\"noopener\">Mutandine ricamate<\/a><\/strong><\/td>\n<\/tr>\n<tr>\n<td height=\"3\"><\/td>\n<td><\/td>\n<\/tr>\n<tr>\n<td><a href=\"http:\/\/www.valbrembanaweb.it\/noterdeberghem\/Ol-Burtuli.mp3\" target=\"prova\" rel=\"noopener\"><img decoding=\"async\" src=\"https:\/\/brembana.info\/folklore\/noterdeberghem\/tasto.gif\" \/><\/a><\/td>\n<td><strong><a href=\"http:\/\/www.valbrembanaweb.it\/noterdeberghem\/Ol-Burtuli.mp3\" target=\"prova\" rel=\"noopener\">Ol Burtul\u00ec<\/a><\/strong><\/td>\n<\/tr>\n<tr>\n<td height=\"3\"><\/td>\n<td><\/td>\n<\/tr>\n<tr>\n<td><a href=\"http:\/\/www.valbrembanaweb.it\/noterdeberghem\/Ol-me-murus.mp3\" target=\"prova\" rel=\"noopener\"><img decoding=\"async\" src=\"https:\/\/brembana.info\/folklore\/noterdeberghem\/tasto.gif\" \/><\/a><\/td>\n<td><strong><a href=\"http:\/\/www.valbrembanaweb.it\/noterdeberghem\/Ol-me-murus.mp3\" target=\"prova\" rel=\"noopener\">Ol me murus<\/a><\/strong><\/td>\n<\/tr>\n<tr>\n<td height=\"3\"><\/td>\n<td><\/td>\n<\/tr>\n<tr>\n<td><a href=\"http:\/\/www.valbrembanaweb.it\/noterdeberghem\/Piero-popo.mp3\" target=\"prova\" rel=\"noopener\"><img decoding=\"async\" src=\"https:\/\/brembana.info\/folklore\/noterdeberghem\/tasto.gif\" \/><\/a><\/td>\n<td><strong><a href=\"http:\/\/www.valbrembanaweb.it\/noterdeberghem\/Piero-popo.mp3\" target=\"prova\" rel=\"noopener\">Piero Pop\u00f2<\/a><\/strong><\/td>\n<\/tr>\n<tr>\n<td height=\"3\"><\/td>\n<td><\/td>\n<\/tr>\n<tr>\n<td><a href=\"http:\/\/www.valbrembanaweb.it\/noterdeberghem\/serafitrapuli.mp3\" target=\"prova\" rel=\"noopener\"><img decoding=\"async\" src=\"https:\/\/brembana.info\/folklore\/noterdeberghem\/tasto.gif\" \/><\/a><\/td>\n<td><strong><a href=\"http:\/\/www.valbrembanaweb.it\/noterdeberghem\/serafitrapuli.mp3\" target=\"prova\" rel=\"noopener\">Serafi e \u2018l trapul\u00ec<\/a><\/strong><\/td>\n<\/tr>\n<tr>\n<td height=\"3\"><\/td>\n<td><\/td>\n<\/tr>\n<tr>\n<td><a href=\"http:\/\/www.valbrembanaweb.it\/noterdeberghem\/Tone-di-tach.mp3\" target=\"prova\" rel=\"noopener\"><img decoding=\"async\" src=\"https:\/\/brembana.info\/folklore\/noterdeberghem\/tasto.gif\" \/><\/a><\/td>\n<td><strong><a href=\"http:\/\/www.valbrembanaweb.it\/noterdeberghem\/Tone-di-tach.mp3\" target=\"prova\" rel=\"noopener\">Tone di tach<\/a><\/strong><\/td>\n<\/tr>\n<\/tbody>\n<\/table>\n<p><\/center><\/p>\n","protected":false},"excerpt":{"rendered":"<p>simpatici elementi tipici della Valle Brembana<\/p>\n","protected":false},"author":1,"featured_media":64,"comment_status":"closed","ping_status":"closed","sticky":false,"template":"","format":"standard","meta":{"footnotes":""},"categories":[1],"tags":[],"class_list":["post-63","post","type-post","status-publish","format-standard","has-post-thumbnail","hentry","category-senza-categoria"],"_links":{"self":[{"href":"https:\/\/brembana.info\/folklore\/wp-json\/wp\/v2\/posts\/63","targetHints":{"allow":["GET"]}}],"collection":[{"href":"https:\/\/brembana.info\/folklore\/wp-json\/wp\/v2\/posts"}],"about":[{"href":"https:\/\/brembana.info\/folklore\/wp-json\/wp\/v2\/types\/post"}],"author":[{"embeddable":true,"href":"https:\/\/brembana.info\/folklore\/wp-json\/wp\/v2\/users\/1"}],"replies":[{"embeddable":true,"href":"https:\/\/brembana.info\/folklore\/wp-json\/wp\/v2\/comments?post=63"}],"version-history":[{"count":1,"href":"https:\/\/brembana.info\/folklore\/wp-json\/wp\/v2\/posts\/63\/revisions"}],"predecessor-version":[{"id":65,"href":"https:\/\/brembana.info\/folklore\/wp-json\/wp\/v2\/posts\/63\/revisions\/65"}],"wp:featuredmedia":[{"embeddable":true,"href":"https:\/\/brembana.info\/folklore\/wp-json\/wp\/v2\/media\/64"}],"wp:attachment":[{"href":"https:\/\/brembana.info\/folklore\/wp-json\/wp\/v2\/media?parent=63"}],"wp:term":[{"taxonomy":"category","embeddable":true,"href":"https:\/\/brembana.info\/folklore\/wp-json\/wp\/v2\/categories?post=63"},{"taxonomy":"post_tag","embeddable":true,"href":"https:\/\/brembana.info\/folklore\/wp-json\/wp\/v2\/tags?post=63"}],"curies":[{"name":"wp","href":"https:\/\/api.w.org\/{rel}","templated":true}]}}